{"id":12450,"date":"2026-03-17T13:59:03","date_gmt":"2026-03-17T12:59:03","guid":{"rendered":"https:\/\/aidssh.al\/?p=12450"},"modified":"2026-03-17T13:59:07","modified_gmt":"2026-03-17T12:59:07","slug":"vrasjet-nga-shteti-komunist-ne-kufirin-shqiperi-mali-i-zi-ende-pa-drejtesi","status":"publish","type":"post","link":"https:\/\/aidssh.al\/en\/vrasjet-nga-shteti-komunist-ne-kufirin-shqiperi-mali-i-zi-ende-pa-drejtesi\/","title":{"rendered":"Vrasjet nga shteti komunist n\u00eb kufirin Shqip\u00ebri-Mali i Zi ende pa drejt\u00ebsi"},"content":{"rendered":"<p><strong>Kufiri mes Shqip\u00ebris\u00eb dhe Malit t\u00eb Zi u shnd\u00ebrrua n\u00eb nj\u00eb \u2018sken\u00eb krimi\u2019 gjat\u00eb viteve \u201989-\u201990, kur shteti komunist shqiptar vrau dhjetra qytetar\u00eb q\u00eb tentuan t\u00eb arratiseshin nga vendi, vrasje q\u00eb ashtu si mij\u00ebra krime t\u00eb tjera t\u00eb diktatur\u00ebs mbeten ende sot pa drejt\u00ebsi.<\/strong><\/p>\n\n\n\n<p><strong>Nga Admirina Pe\u00e7i \/Kujto.al<\/strong><\/p>\n\n\n\n<p>Lumi Buna rrjedh i qet\u00eb pas shelgjishteve,&nbsp; pak metra larg varrez\u00ebs katolike n\u00eb Sh\u00ebnkoll, nj\u00eb fshat kufitar,&nbsp; rreth 15 kilometra larg qendr\u00ebs s\u00eb Ulqinit.<\/p>\n\n\n\n<p>M\u00eb 19 dhjetor 1990, ky vend u b\u00eb skena nj\u00eb krimi shtet\u00ebror.<\/p>\n\n\n\n<p>Rojet kufitare t\u00eb Shqip\u00ebris\u00eb vran\u00eb n\u00eb err\u00ebsir\u00eb 5 persona,&nbsp;<a href=\"https:\/\/kujto.al\/personat\/pal-palna\/\" target=\"_blank\" rel=\"noopener\"><u>Pal Palna<\/u><\/a>,&nbsp;<a href=\"https:\/\/kujto.al\/personat\/zade-palna\/\" target=\"_blank\" rel=\"noopener\"><u>Zade Palna<\/u><\/a>, Ernest Daragjati,&nbsp;<a href=\"https:\/\/kujto.al\/personat\/olsi-lorja\/\" target=\"_blank\" rel=\"noopener\"><u>Olsi Lorja<\/u><\/a>&nbsp;dhe Liljana Palna, nj\u00eb vajz\u00eb 11 vje\u00e7, e cila ra nga varka dhe u zhduk n\u00eb uj\u00ebrat e lumit Buna.<\/p>\n\n\n\n<p>Ata ishin mes nj\u00eb grupi, pjesa m\u00eb e madhe me lidhje familjare, q\u00eb po tentonin t\u00eb arratiseshin nga Shqip\u00ebria komuniste.<\/p>\n\n\n\n<p>I af\u00ebrmi i familjes Palna,&nbsp;<a href=\"https:\/\/kujto.al\/personat\/gjergj-ashta\/\" target=\"_blank\" rel=\"noopener\"><u>Gjergj Ashta<\/u><\/a>, rind\u00ebrton sken\u00ebn e asaj nate nga kujtimet e atyre q\u00eb mbet\u00ebn gjall\u00eb.<\/p>\n\n\n\n<p>Sipas tij, n\u00eb vark\u00eb kan\u00eb qen\u00eb 8 ose 10 vet\u00eb. Jan\u00eb vrar\u00eb 4,&nbsp; Pali, Zadja (n\u00ebna e Palit), Liljana vajza e Palit dhe kunati i tij Ernest Daragjati. N\u00eb nj\u00eb lund\u00ebr tjet\u00ebr q\u00eb kan\u00eb qen\u00eb bashk\u00eb me k\u00ebta \u00ebsht\u00eb vrar\u00eb&nbsp;<a href=\"https:\/\/kujto.al\/personat\/olsi-lorja\/\" target=\"_blank\" rel=\"noopener\"><u>Olsi Lorja<\/u><\/a>.<\/p>\n\n\n\n<p>\u201cT\u00eb gjith\u00eb ata kan\u00eb ardhur nga zona e Daragjatit e Shkodr\u00ebs, kan\u00eb hyr\u00eb n\u00eb Bun\u00eb me lundra dhe pas pak minutash jan\u00eb p\u00ebrballur me forcat e policis\u00eb shqiptare dhe jan\u00eb vra. Nj\u00eb pjes\u00eb jan\u00eb vrar\u00eb dhe nj\u00eb pjes\u00eb i ka kapur ushtria e Malit t\u00eb Zi dhe i kan\u00eb \u00e7uar n\u00eb kamp\u201d- thot\u00eb Ashta p\u00ebr Kujto.al.<\/p>\n\n\n\n<p>Ngjarja nuk tronditi vet\u00ebm Shkodr\u00ebn, por dhe fshatin e vog\u00ebl t\u00eb Sh\u00ebn Kollit matan\u00eb kufirit n\u00eb Mal t\u00eb Zi.<\/p>\n\n\n\n<p>Anton Hoti, banor i Sh\u00ebn Kollit, e ka akoma t\u00eb fresk\u00ebt n\u00eb kujtes\u00eb.<\/p>\n\n\n\n<p>\u201cI kan\u00eb vra atje dikund n\u00eb pentar. I kan\u00eb vrar\u00eb dhe i kan\u00eb masakruar. Thonin madje q\u00eb nj\u00ebrit ia kishin prer\u00eb gjysm\u00ebn e kok\u00ebs me flet\u00ebt e motobark\u00ebs\u201d- rikujton ai ndodhin\u00eb e 36 vite m\u00eb par\u00eb, kur trupat e t\u00eb vrar\u00ebve u soll\u00ebn p\u00ebr tu varrosur n\u00eb fshatin e tij.<\/p>\n\n\n\n<p>Krimet e regjimit komunist t\u00eb udh\u00ebhequr nga Enver Hoxha e pas vdekjes s\u00eb tij nga Ramiz Alia mbeten t\u00eb pad\u00ebnuar ende sot. Nj\u00eb raport i dat\u00ebs 20 n\u00ebntor 1990 i firmosur nga ish-ministri i Brendsh\u00ebm i koh\u00ebs Hekuran Isai zbulon p\u00ebrmasat e vrasjeve n\u00eb kufinjt\u00eb e Shqip\u00ebris\u00eb, q\u00eb ishin shnd\u00ebrruar n\u00eb muret e nj\u00eb burgu t\u00eb madh.<\/p>\n\n\n\n<p>\u201cNga viti 1944 deri n\u00eb vitin 1990 jan\u00eb arratisur n\u00ebp\u00ebrmjet kufirit shqiptar 9220 persona dhe 4472 t\u00eb af\u00ebm t\u00eb tyre, gra e femij\u00eb, prej t\u00eb cil\u00ebve 988 kan\u00eb vdekur\u201d- thuhet nd\u00ebr t\u00eb tjera n\u00eb dokumentin arkivor.<\/p>\n\n\n\n<p>N\u00eb munges\u00eb t\u00eb statistikave zyrtare t\u00eb sakta, t\u00eb dh\u00ebnat e p\u00ebrpunuara nga Instituti i Studimeve Politike tregojn\u00eb se numri m\u00eb i lart\u00eb i vrasjeve n\u00eb kufi u sh\u00ebnua n\u00eb koh\u00ebn kur regjimi komunist ishte n\u00eb grahmat e fundit.<\/p>\n\n\n\n<p>\u201cNumri m\u00eb i lart\u00eb i vrasjeve ndodhi n\u00eb dhjetor 1990 me 12 raste, i ndjekur nga Qershor \u201890 me 9 raste, Maji me 8 raste, Gushti dhe N\u00ebntori me nga 5 raste secili, etj.\u201d- thuhet n\u00eb nj\u00eb studim t\u00eb k\u00ebsaj organizate.<\/p>\n\n\n\n<p>D\u00ebshmi e gjall\u00eb e k\u00ebtyre krimeve \u00ebsht\u00eb parcela e varreve n\u00eb varrez\u00ebn e Sh\u00ebn Kollit e p\u00ebrdorur nga p\u00ebr t\u00eb varrosur shqiptar\u00ebt q\u00eb vriteshin n\u00eb kufirin me Malin e Zi.<\/p>\n\n\n\n<figure class=\"wp-block-image aligncenter\"><img decoding=\"async\" src=\"https:\/\/kujto.al\/wp-content\/uploads\/2026\/03\/kufiri-foto-12-1024x576.jpg\" alt=\"\" class=\"wp-image-172508\"\/><\/figure>\n\n\n\n<p><strong>Vrasjet n\u00eb kufi ende sot t\u00eb pad\u00ebnuara<\/strong><\/p>\n\n\n\n<p>Pak kilometra larg varrez\u00ebs s\u00eb Sh\u00ebn Kollit, n\u00eb nj\u00eb pik\u00eb t\u00eb plazhit t\u00eb Velipoj\u00ebs n\u00eb Shkod\u00ebr, me 18 maj 1990, dy v\u00ebllez\u00ebr Gjek\u00eb dhe Vat\u00eb Beqi,&nbsp; ishin nisur p\u00ebr t\u00eb kaluar me not, kufirin mes Shqip\u00ebris\u00eb dhe Malit t\u00eb zi, duke synuar ishullin Ada n\u00eb gryk\u00ebderdhjen e Bun\u00ebs.<\/p>\n\n\n\n<p>Nj\u00eb fjalim publik i presidentit komunist Ramiz Alia m\u00eb 7 maj t\u00eb atij viti, ku njoftoi se shkelja e kufirit nuk do t\u00eb ishte m\u00eb vep\u00ebr penale \u201ctradh\u00ebti e lart\u00eb ndaj Atdheut\u201d dhe nuk d\u00ebnohej me vrasje, i kishte inkurajuar ata, si\u00e7 u inkurajuan mij\u00ebra t\u00eb tjer\u00eb q\u00eb tentuan largimin n\u00eb kap\u00ebrcyell t\u00eb rr\u00ebzimit t\u00eb regjimit komunist.<\/p>\n\n\n\n<p>Pasi ishin pikasur n\u00eb err\u00ebsir\u00eb nga prozhektor\u00ebt e roj\u00ebs kufitare, ndaj dy v\u00ebllez\u00ebrve ishte zbrazur nj\u00eb bresh\u00ebri automatiku.&nbsp; Gjek\u00eb Beqi, nj\u00ebri prej dy vell\u00ebz\u00ebrve, tregon ngjarjen e asaj nate, ku vet\u00eb mbeti i plagosur r\u00ebnd\u00eb me nj\u00eb plumb q\u00eb i p\u00ebrshkroi nofull\u00ebn, nd\u00ebrsa v\u00ebllan\u00eb ia vran.<\/p>\n\n\n\n<p>\u201cKomandanti nj\u00eb njeri mizor, sadist, na vrau kot.&nbsp; Ai sapo u afrua me skaf ka q\u00eblluar.&nbsp; Jam plagosur un\u00eb. Jam fundosur n\u00eb uj\u00eb. M\u00eb ka nxjerr\u00eb lart v\u00ebllai.&nbsp; V\u00ebllai ju ka th\u00ebn\u00eb; \u2018q\u00eb jemi vendas k\u00ebtu\u2019 e ka tentuar t\u00eb bisedoj\u00eb me ta. \u2018Mbaje, mbaje\u2019,- i kan\u00eb th\u00ebn\u00eb mos t\u00eb mbytet se, \u2018ty do t\u00eb t\u00eb vrasim sa t\u00eb dal\u00ebsh n\u00eb breg\u2019. Dhe e ka vrar\u00eb v\u00ebllain n\u00eb breg v\u00ebrtet\u201d &#8211; tregon ai p\u00ebr Kujto.al duke rikujtuar nat\u00ebn m\u00eb t\u00eb err\u00ebt t\u00eb jet\u00ebs s\u00eb tij.<\/p>\n\n\n\n<p>N\u00ebna e Vat\u00eb Beqit, 92 vje\u00e7, q\u00eb jeton pak kilometra larg vendit ku iu q\u00eblluan t\u00eb bijt\u00eb, pret ende drejt\u00ebsin\u00eb p\u00ebr vrasjen e Vat\u00ebs, at\u00ebkoh\u00eb vet\u00ebm 25 vje\u00e7, por si besimtare e krishter\u00eb ajo thot\u00eb se ia ka l\u00ebn\u00eb drejt\u00ebsin\u00eb Zotit.<\/p>\n\n\n\n<p>\u201cZoti&nbsp; nuk ka th\u00ebn\u00eb me vra, ka th\u00ebn\u00eb me fal. Ai t\u00eb mos fshihet. Nuk duhej ta vriste, e ka vra\u2026nuk duhej ta vriste se me 7 maj, tha Ramiz Alia kufiri \u00ebsht\u00eb i lir\u00eb. Un\u00eb s\u2019them q\u00eb t\u00eb vrasim, se jam me k\u00ebt\u00eb\u201d- thot\u00eb ajo duke treguar kryqin q\u00eb mban n\u00eb qaf\u00eb.<\/p>\n\n\n\n<p>Personi q\u00eb q\u00eblloi me gjakftoht\u00ebsi mbi t\u00eb birin quhej Bino Binaj me detyr\u00eb Komandat i Post\u00ebs Kufitare t\u00eb Velipoj\u00ebs.<\/p>\n\n\n\n<p>N\u00eb mes t\u00eb viteve \u201890 Gjek\u00eb Beqi nisi betej\u00ebn e tij ligjore duke sh\u00ebnuar nj\u00eb nga rastet e pakta kur gjykatat shqiptare dhan\u00eb nj\u00eb vendim p\u00ebr krimet e regjimit totalitar gati gjys\u00ebmshekullor.<\/p>\n\n\n\n<p>\u201cKur kam dal\u00eb nga burgu, kam dal\u00eb i traumatizuar dhe ndoshta m\u00eb ka shkuar mendja edhe p\u00ebr vetgjyq\u00ebsi.&nbsp; Por babai im thoshte jo. T\u00eb ka vrar\u00eb shteti, ndiqe n\u00eb rrug\u00eb shtetorore.&nbsp; Dhe e kam paditur brenda rregullave\u201d- thot\u00eb ai.&nbsp; N\u00eb gjyq, sipas Beqit, kan\u00eb dal\u00eb d\u00ebshmitar\u00eb shok\u00ebt e tij ushtar\u00eb q\u00eb i kishte n\u00eb repart dhe m\u00eb vendim nr. 96, dat\u00eb 14.05.1996, t\u00eb Gjykat\u00ebs s\u00eb Rrethit Gjyq\u00ebsor Shkod\u00ebr, gjyqtari Admir Thanxa ka dh\u00ebn\u00eb verdiktin \u201cburgim&nbsp; p\u00ebrjetsh\u00ebm\u201d p\u00ebr vepr\u00ebn penale \u201cKrime kund\u00ebr njer\u00ebzimit \u201c.<\/p>\n\n\n\n<p>Gjykata e Apelit t\u00eb Rrethit Tiran\u00eb me vendimin e saj nr. 496, dat\u00eb 05.07.1996 ka l\u00ebn\u00eb n\u00eb fuqi d\u00ebnimin e dh\u00ebn\u00eb n\u00eb shkall\u00eb t\u00eb par\u00eb duke rr\u00ebzuar ankimimin e avokat\u00ebve t\u00eb Binaj.<\/p>\n\n\n\n<p>Nd\u00ebrkoh\u00eb Binaj n\u00eb tentativ\u00eb p\u00ebr t\u2019i shp\u00ebtuar d\u00ebnimit kishte ndryshuar emrin n\u00eb gjendjen civile t\u00eb Vlor\u00ebs.<\/p>\n\n\n\n<p>Nj\u00eb urdh\u00ebr p\u00ebr ekzekutimin e d\u00ebnimit ndaj tij, i dh\u00ebn\u00eb n\u00eb vitin 2009 nga Prokuroria e Shkodr\u00ebs, sakt\u00ebson se Bino Binaj ishte i nj\u00ebjti person me emrin e ri Besnik Ali Zykaj. Por ky urdh\u00ebr, q\u00eb Kujto e disponon, nuk u zbatua kurr\u00eb nga policia shqiptare, pasi Zykaj (alias Binaj) ishte arratisur nga vendi.<\/p>\n\n\n\n<p>I shpallur n\u00eb k\u00ebrkim nd\u00ebrkomb\u00ebtar me emrin e ri ai arrestohet n\u00eb vitin 2012 n\u00eb Firence, Itali, por institucionet shqiptare p\u00ebrgjegj\u00ebse d\u00ebshtuan q\u00eb ta esktradojn\u00eb at\u00eb drejt Shqip\u00ebris\u00eb p\u00ebr t\u00eb vuajtur d\u00ebnimin.<\/p>\n\n\n\n<p>\u201c&#8230;autoritetet gjyq\u00ebsore italiane nuk kan\u00eb pranuar ekstradimin e k\u00ebtij shtetasi drejt Shqip\u00ebris\u00eb\u201d- thuhet n\u00eb nj\u00eb korespodenc\u00eb mes Prokuroris\u00eb s\u00eb P\u00ebrgjithshme dhe Prokuroris\u00eb s\u00eb Rrethit Shkod\u00ebr, v\u00ebn\u00eb n\u00eb dispozicion me k\u00ebrkes\u00ebn p\u00ebr t\u00eb drejt\u00eb informimi nga kjo e fundit.<\/p>\n\n\n\n<p>Arsyet se pse autoritetet italiane nuk jan\u00eb bindur nga institucionet shqiptare q\u00eb ky individ duhej t\u00eb d\u00ebrgohej drejt Shqip\u00ebris\u00eb p\u00ebr t\u00eb vuajtur d\u00ebnimin mbeten ende t\u00eb paqarta pasi as Prokuroria e Shkodr\u00ebs dhe as Ministria e Drejt\u00ebsis\u00eb nuk e vun\u00eb n\u00eb dispozicion dokumentacionin e plot\u00eb.<\/p>\n\n\n\n<p>Nga ana tjet\u00ebr Policia e Shtetit pranoi p\u00ebr Kujto.al se Besnik Zykaj (alias Bino Binaj) rezulton ende n\u00eb k\u00ebrkim nd\u00ebrkomb\u00ebtar me status \u2018Aktiv\u201d.<\/p>\n\n\n\n<figure class=\"wp-block-image aligncenter\"><img decoding=\"async\" src=\"https:\/\/kujto.al\/wp-content\/uploads\/2026\/03\/besnik-zykaj.jpg\" alt=\"\" class=\"wp-image-172509\"\/><\/figure>\n\n\n\n<p>I revoltuar Beqi faj\u00ebson shtetin shqiptar.<\/p>\n\n\n\n<p>\u201cPra, shteti ka pasur mund\u00ebsi q\u00eb ta gjej\u00eb at\u00eb, por e ka ndihmuar vet\u00eb shteti p\u00ebr t\u00eb mos u ekstraduar\u201d- thot\u00eb ai.<\/p>\n\n\n\n<p>Afrim Krasniqi, drejtor i Institutit p\u00ebr Studime Politike, i tha Kujto.al se pas rr\u00ebzimit t\u00eb regjimit komunist nuk pati asnj\u00ebher\u00eb p\u00ebrpjekje p\u00ebr t\u2019i d\u00ebnuar k\u00ebto krime dhe as personat q\u00eb i kryen ato.<\/p>\n\n\n\n<p>\u201cKur ne tentuam p\u00ebr t\u00eb krijuar procese hetimore, ishte jasht\u00ebzakonisht e vonuar dhe individ\u00ebt nuk ndodheshin m\u00eb n\u00eb Shqip\u00ebri, ose nuk kishte m\u00eb dokumentacion q\u00eb mb\u00ebshteste hetimet gjyq\u00ebsore\u201d- tha Krasniqi,<\/p>\n\n\n\n<p>Ai e lidh fluksin e vrasjeve n\u00eb vitin \u201990 pik\u00ebrisht me ndryshimet ligjore t\u00eb koh\u00ebs, t\u00eb cilat ndryshe nga sa u premtua nga Ramiz Alia, nuk u zbatuan nga postat kufitare.<\/p>\n\n\n\n<p>\u201cN\u00eb muajt Prill- Maj 1990, vrasja n\u00eb kufi u dekriminalizua dhe u konsiderua kalim i paligjsh\u00ebm i kufirit q\u00eb d\u00ebnohej me disa vite burg. Nd\u00ebrkoh\u00eb aktet n\u00ebnligjore q\u00eb duhet t\u00eb rregullonin gjith\u00eb k\u00ebt\u00eb, nuk dol\u00ebn n\u00eb koh\u00eb, strukturat brenda partis\u00eb s\u00eb pun\u00ebs vazhduan t\u00eb veprojn\u00eb n\u00eb linja partiake me urdh\u00ebr politik dhe jo sipas ligjit dhe Kushtetut\u00ebs dhe p\u00ebr pasoj\u00eb edhe n\u00eb aspektin ligjor edhe n\u00eb aspektin kushtetues, edhe n\u00eb aspektin e t\u00eb drejtave t\u00eb njeriut t\u00eb gjitha vrasjet n\u00eb kufi te vitit 1990, jan\u00eb kund\u00ebr Kushtetut\u00ebs kund\u00ebr ligjit, kund\u00ebr parimeve t\u00eb t\u00eb drejtave t\u00eb njeriut dhe kund\u00ebr angazhimit shtet\u00ebror\u201d- thot\u00eb Krasniqi.<\/p>\n\n\n\n<p>Alibia q\u00eb p\u00ebrdoret se individ\u00ebt kan\u00eb zbatuar ligjet e koh\u00ebs, sipas tij, \u201cbie automatikisht p\u00ebr shkak t\u00eb k\u00ebsaj rrethane specifike\u201d.<\/p>\n\n\n\n<p>Pavar\u00ebsisht premtimeve publike udh\u00ebheq\u00ebsi i fundit komunist, Ramiz Alia, i nxiste k\u00ebto vrasje, si\u00e7 tregon procesverbali i mbledhjes s\u00eb Byros\u00eb Politike 4 dhjetor 1990 ku ai justifikonte si normale gjuatjen me arm\u00eb ndaj atyre q\u00eb tentonin arratisjen nga ushtar\u00ebt e kufirit.<\/p>\n\n\n\n<p>Alia e mbajti detyr\u00ebn si president i vendit dhe disa muaj pas ndryshimit formal t\u00eb sistemit, koh\u00eb q\u00eb ai e shfryt\u00ebzoi p\u00ebr t\u2019u dh\u00ebn\u00eb imunitet politik t\u00eb gjith\u00eb atyre q\u00eb i kishin sh\u00ebrbyer n\u00eb momentet e fundit shtetit totalitar.<\/p>\n\n\n\n<p>K\u00ebshtu, m\u00eb 5 janar \u201991, u dha dekorata t\u00eb larta presidenciale t\u00eb gjith\u00eb oficer\u00ebve p\u00ebrgjegj\u00ebs p\u00ebr vrasjet n\u00eb kufi, p\u00ebrfshir\u00eb edhe vras\u00ebsin e Vat\u00eb Beqit, Besnik Zykaj (alias Bino Binaj.<\/p>\n\n\n\n<p>Sipas Afrim Krasniqit, \u201cky ka qen\u00eb nj\u00eb mesazh drejtuar forcave t\u00eb sigurimit t\u00eb kufirit se kan\u00eb mbrojtje t\u00eb lart\u00eb&nbsp; q\u00eb nga presidenti, parlamenti dhe struktura t\u00eb larta politike t\u00eb vendit dhe si i till\u00eb ka promovuar t\u00eb keqen dhe e ka kthyer n\u00eb sistem dhe deri diku ka ndikuar edhe n\u00eb mbylljen e dosjeve\u201d.<\/p>\n\n\n\n<p><strong>T\u00eb vrar\u00eb dhe t\u00eb braktisur nga shteti<\/strong><\/p>\n\n\n\n<p>Familjar\u00ebt e viktimave, t\u00eb cil\u00ebt u vran\u00eb n\u00eb kufinjt\u00eb e Shqip\u00ebris\u00eb n\u00eb p\u00ebrpjekje p\u00ebr t\u2019i shp\u00ebtuar diktatur\u00ebs, u p\u00ebrball\u00ebn me dyert e mbyllura t\u00eb shtetit shqiptar p\u00ebr t\u00eb m\u00ebsuar t\u00eb v\u00ebrtet\u00ebn dhe p\u00ebr t\u00eb gjetur trupat e tyre. Nd\u00ebrsa shteti komunist i kishte vrar\u00eb, shteti i ri demokratik i braktisi n\u00eb p\u00ebrpjekjet e tyre p\u00ebr drejt\u00ebsi.<\/p>\n\n\n\n<p>Kjo ndodhi edhe me Gjergj Asht\u00ebn, i cili i kushtoi shum\u00eb vite t\u00eb jet\u00ebs zbardhjes s\u00eb ngjarjes dhe sidomos gjetjes dhe kthimit t\u00eb eshtrave t\u00eb t\u00eb vrar\u00ebve q\u00eb kishin mbetur n\u00eb Mal t\u00eb Zi.<\/p>\n\n\n\n<p>Ai thot\u00eb se, t\u00eb gjitha p\u00ebrpjekjet i ka b\u00ebr\u00eb n\u00eb rrug\u00eb private dhe e vetmja ndihm\u00eb shtet\u00ebrore q\u00eb mori ishte nga autoritetet malazeze t\u00eb komun\u00ebs Ulqin.<\/p>\n\n\n\n<p>Fillimisht at\u00eb e ndihmoi nj\u00eb banor i zon\u00ebs, Nikolla Elezovi\u00e7, nga fshati Sh\u00ebn Koll, Mal i Zi.<\/p>\n\n\n\n<p><strong>\u201c<\/strong>Nj\u00eb shok i imi m\u00eb thot\u00eb kan\u00eb ardhur disa katolik\u00eb interesohen p\u00ebr disa t\u00eb vdekur, q\u00eb jan\u00eb vrar\u00eb n\u00eb kufi dhe i kan\u00eb sjell\u00eb te kisha juaj dhe i kan\u00eb varrosur\u201d-&nbsp; tregon Elezovi\u00e7 p\u00ebr Kujto-n\u00eb.<\/p>\n\n\n\n<p>M\u00eb pas ishin autoritetet vendore t\u00eb Ulqinit q\u00eb e asistuan p\u00ebr t\u00eb t\u00ebrhequr trupat e t\u00eb af\u00ebrm\u00ebve t\u00eb tij.<\/p>\n\n\n\n<p>\u201cKam takuar ish.kryetarin e komun\u00ebs s\u00eb Ulqinit,&nbsp;<a href=\"https:\/\/kujto.al\/personat\/mehmet-bardhi-2\/\" target=\"_blank\" rel=\"noopener\"><u>Mehmet Bardhi<\/u><\/a>, i cili m\u00eb \u00ebsht\u00eb gjendur shum\u00eb dhe m\u00eb ka ndihmuar p\u00ebr t\u00eb gjetur vendin se ku ishin varrosur. Jan\u00eb dashur procedura 5 vje\u00e7are p\u00ebr t\u2019i t\u00ebrhequr eshtrat, p\u00ebr t\u2019i zhvarrosur dhe p\u00ebr t\u2019i \u00e7uar n\u00eb Shqip\u00ebri\u201d- thot\u00eb ai.<\/p>\n\n\n\n<p>Mes zyrtar\u00ebve q\u00eb e ndihmuan p\u00ebr identifikimin e vendvarrimit ishte edhe Gjergj Pepgjoni, i cili kishte sh\u00ebrbyer n\u00eb vitin \u201990 si sekretar i Komun\u00ebs s\u00eb Ulqinit.<\/p>\n\n\n\n<p>N\u00eb nj\u00eb p\u00ebrgjigje me shkrim q\u00eb Pepgjoni i dha Kujto.al kuptojm\u00eb se t\u00eb vrar\u00ebt nga polica kufitare e Shqip\u00ebris\u00eb, merreshin nga ushtria malazeze, identifikoheshin prej t\u00eb af\u00ebrmve t\u00eb mbijetuar dhe me nj\u00eb urdh\u00ebr gjykate varroseshin n\u00eb nj\u00eb varrez\u00eb t\u00eb posa\u00e7me t\u00eb komun\u00ebs.<\/p>\n\n\n\n<p>\u201cUlqini nuk kishte varre qyteti, por varre fetare dhe bashk\u00ebsit\u00eb nuk pranonin varrosje pa ditur p\u00ebrkat\u00ebsin\u00eb fetare. K\u00ebshtu q\u00eb caktuam nj\u00eb parcel\u00eb n\u00eb Kish\u00ebn e Sh\u00ebn Kollit. Urbanizimi ka b\u00ebr\u00eb skic\u00ebn, q\u00eb \u00ebsht\u00eb arkivuar, pastaj nj\u00eb kopje, bashk\u00ebsis\u00eb lokale, kish\u00ebs dhe gjyqit. N\u00eb skic\u00eb jan\u00eb shkruar edhe emrat, edhe pozicioni\u201d- thot\u00eb ai.<\/p>\n\n\n\n<p>Ashta konfirmon se pik\u00ebrisht n\u00eb k\u00ebt\u00eb varrez\u00eb t\u00eb caktuar nga bashkia ai kishte gjetur trupat e t\u00eb af\u00ebrm\u00ebve.<\/p>\n\n\n\n<p>\u201cKur kemi hapur varret, brenda ishin t\u00eb shkruajtur n\u00eb arkivole emrat e personave si\u00e7 i k\u00ebrkonim ne dhe i kemi marr\u00eb e i kemi kaluar n\u00eb kufi n\u00eb Hanin e Hotit dhe i varros\u00ebm n\u00eb Shkod\u00ebr.\u201d- tregon ai.<\/p>\n\n\n\n<p>Me marrjen e eshtrave familja Palna duket sikur e ka leht\u00ebsuar disi dhimbjen. Por drejt\u00ebsia p\u00ebr ta \u00ebsht\u00eb ende larg. Askush nuk u d\u00ebnua p\u00ebr at\u00eb ngjarje dhe Liljana, vajza e vog\u00ebl e familjes e vrar\u00eb po at\u00eb nat\u00eb, rezulton e zhdukur edhe sot.<\/p>\n\n\n\n<p>Ende sot qindra familje nuk din\u00eb se \u00e7far\u00eb ndodhi me njer\u00ebzit e tyre n\u00eb tentativ\u00eb p\u00ebr t\u00eb kaluar kufinjt\u00eb.<\/p>\n\n\n\n<p>Autoriteti i Dosjeve (AIDSSH), nj\u00eb institucion i ngritur n\u00eb 2015-\u00ebn me q\u00ebllim hapjen e dosjeve t\u00eb Ish-Sigurimit t\u00eb Shtetit, ka n\u00eb fondet e tij arkivore informacion t\u00eb bollsh\u00ebm p\u00ebr vrasjet n\u00eb kufi q\u00eb mund t\u00eb sh\u00ebrbej\u00eb p\u00ebr t\u00eb zbardhur p\u00ebrmasat e k\u00ebtij krimi shtet\u00ebror por dhe p\u00ebr t\u00eb ndihmuar institucionet e tjera dhe familjar\u00ebt n\u00eb k\u00ebrkimet e tyre.<\/p>\n\n\n\n<p>Kryetarja e k\u00ebtij institucioni, Gentiana Sula, thot\u00eb p\u00ebr Kujto.al se jan\u00eb hapur dosjet q\u00eb lidhen me vrasjet e ndodhura n\u00eb kufirin juglindor dhe at\u00eb verior dhe do t\u00eb vijohet me hapjen e dosjeve p\u00ebr kufirin me Kosov\u00ebn dhe at\u00eb Jugor.<\/p>\n\n\n\n<p>\u201cNj\u00eb burim mund t\u00eb&nbsp;jen\u00eb regjistrat e kufirit, nj\u00eb burim mund t\u00eb jen\u00eb&nbsp;komunikatat ditore, nj\u00eb burim mund t\u00eb jen\u00eb&nbsp;dosjet personale\u201d- shton ajo, duke ofruar gadishm\u00ebrin\u00eb e institucionit p\u00ebr t\u00eb v\u00ebn\u00eb dokumentet arkivore n\u00eb dispozicion t\u00eb k\u00ebrkimeve t\u00eb familjar\u00ebve p\u00ebr drejt\u00ebsi.<\/p>\n\n\n\n<p>\u201cP\u00ebr ata q\u00eb mendojn\u00eb se ishte ligji i koh\u00ebs t\u00eb pakt\u00ebn&nbsp;moralisht sot, t\u00eb k\u00ebrkojm\u00eb ndjes\u00eb dhe t\u00eb p\u00ebrpiqemi tja leht\u00ebsojm\u00eb sa m\u00eb shum\u00eb dhimbjen q\u00eb kaloi. Kurse p\u00ebr at\u00eb pjes\u00eb q\u00eb edhe legjislacioni i koh\u00ebs e ndaloi vrasjen n\u00eb kufi, aty drejt\u00ebsia duhet t\u00eb funksiononte dhe duhet t\u00eb funksionoj\u00eb\u201d- thekson Sula.<\/p>\n\n\n\n<p>Burimi: Kujto.al<\/p>","protected":false},"excerpt":{"rendered":"<p>Kufiri mes Shqip\u00ebris\u00eb dhe Malit t\u00eb Zi u shnd\u00ebrrua n\u00eb nj\u00eb \u2018sken\u00eb krimi\u2019 gjat\u00eb viteve \u201989-\u201990, kur shteti komunist shqiptar vrau dhjetra qytetar\u00eb q\u00eb tentuan t\u00eb arratiseshin nga vendi, vrasje q\u00eb ashtu si mij\u00ebra krime t\u00eb tjera t\u00eb diktatur\u00ebs mbeten ende sot pa drejt\u00ebsi. Nga Admirina Pe\u00e7i \/Kujto.al Lumi Buna rrjedh i qet\u00eb pas shelgjishteve,&nbsp; [&hellip;]<\/p>","protected":false},"author":3,"featured_media":12448,"comment_status":"closed","ping_status":"closed","sticky":false,"template":"","format":"standard","meta":{"_acf_changed":false,"footnotes":""},"categories":[80],"tags":[],"class_list":["post-12450","post","type-post","status-publish","format-standard","has-post-thumbnail","hentry","category-artikuj"],"acf":[],"_links":{"self":[{"href":"https:\/\/aidssh.al\/en\/wp-json\/wp\/v2\/posts\/12450","targetHints":{"allow":["GET"]}}],"collection":[{"href":"https:\/\/aidssh.al\/en\/wp-json\/wp\/v2\/posts"}],"about":[{"href":"https:\/\/aidssh.al\/en\/wp-json\/wp\/v2\/types\/post"}],"author":[{"embeddable":true,"href":"https:\/\/aidssh.al\/en\/wp-json\/wp\/v2\/users\/3"}],"replies":[{"embeddable":true,"href":"https:\/\/aidssh.al\/en\/wp-json\/wp\/v2\/comments?post=12450"}],"version-history":[{"count":2,"href":"https:\/\/aidssh.al\/en\/wp-json\/wp\/v2\/posts\/12450\/revisions"}],"predecessor-version":[{"id":12453,"href":"https:\/\/aidssh.al\/en\/wp-json\/wp\/v2\/posts\/12450\/revisions\/12453"}],"wp:featuredmedia":[{"embeddable":true,"href":"https:\/\/aidssh.al\/en\/wp-json\/wp\/v2\/media\/12448"}],"wp:attachment":[{"href":"https:\/\/aidssh.al\/en\/wp-json\/wp\/v2\/media?parent=12450"}],"wp:term":[{"taxonomy":"category","embeddable":true,"href":"https:\/\/aidssh.al\/en\/wp-json\/wp\/v2\/categories?post=12450"},{"taxonomy":"post_tag","embeddable":true,"href":"https:\/\/aidssh.al\/en\/wp-json\/wp\/v2\/tags?post=12450"}],"curies":[{"name":"wp","href":"https:\/\/api.w.org\/{rel}","templated":true}]}}